[{"@context":"https:\/\/schema.org\/","@type":"Article","@id":"https:\/\/www.gartier.sk\/vymente-plast-za-sako-zahreje-vas-rovnako-a-navyse-budete-stylova\/#Article","mainEntityOfPage":"https:\/\/www.gartier.sk\/vymente-plast-za-sako-zahreje-vas-rovnako-a-navyse-budete-stylova\/","headline":"Vyme\u0148te pl\u00e1\u0161\u0165 za sako, zahreje v\u00e1s rovnako a navy\u0161e budete \u0161t\u00fdlov\u00e1","name":"Vyme\u0148te pl\u00e1\u0161\u0165 za sako, zahreje v\u00e1s rovnako a navy\u0161e budete \u0161t\u00fdlov\u00e1","description":"Ro\u010dn\u00e9 obdobie, ktor\u00e9 pr\u00e1ve prevzalo \u017eezlo, sa vyzna\u010duje chladnej\u0161\u00edmi d\u0148ami a hmlist\u00fdmi r\u00e1nami, ale teploty e\u0161te neklesaj\u00fa a\u017e tak n\u00edzko, aby sme u\u017e museli siaha\u0165 po zimn\u00fdch vetrovk\u00e1ch a bund\u00e1ch. Pr\u00e1ve jese\u0148 poskytuje mo\u017enosti na vyu\u017eitie blejzrov a s\u00e1k namiesto pl\u00e1\u0161\u0165ov. In\u0161pir\u00e1ciou s\u00fa 90-te roky Sak\u00e1 a blejzre sa v d\u00e1mskej m\u00f3de u\u017e udom\u00e1cnili, tentokr\u00e1t by sme mali siahnu\u0165 to [&hellip;]","datePublished":"2019-11-05","dateModified":"2019-11-05","author":{"@type":"Person","@id":"https:\/\/www.gartier.sk\/author\/#Person","name":"","url":"https:\/\/www.gartier.sk\/author\/","identifier":1,"image":{"@type":"ImageObject","@id":"https:\/\/secure.gravatar.com\/avatar\/cfe4dae5aaf43720425415780408681beb9b9a829e9a657295ed1cacce5febc2?s=96&d=mm&r=g","url":"https:\/\/secure.gravatar.com\/avatar\/cfe4dae5aaf43720425415780408681beb9b9a829e9a657295ed1cacce5febc2?s=96&d=mm&r=g","height":96,"width":96}},"publisher":{"@type":"Organization","name":"gartier.sk","logo":{"@type":"ImageObject","@id":"\/logo.png","url":"\/logo.png","width":600,"height":60}},"image":{"@type":"ImageObject","@id":"https:\/\/www.gartier.sk\/wp-content\/uploads\/img_a308366_w16880_t1574698658.jpg","url":"https:\/\/www.gartier.sk\/wp-content\/uploads\/img_a308366_w16880_t1574698658.jpg","height":0,"width":0},"url":"https:\/\/www.gartier.sk\/vymente-plast-za-sako-zahreje-vas-rovnako-a-navyse-budete-stylova\/","about":["M\u00f3da"],"wordCount":435,"articleBody":"Ro\u010dn\u00e9 obdobie, ktor\u00e9 pr\u00e1ve prevzalo \u017eezlo, sa vyzna\u010duje chladnej\u0161\u00edmi d\u0148ami a hmlist\u00fdmi r\u00e1nami, ale teploty e\u0161te neklesaj\u00fa a\u017e tak n\u00edzko, aby sme u\u017e museli siaha\u0165 po zimn\u00fdch vetrovk\u00e1ch a bund\u00e1ch. Pr\u00e1ve jese\u0148 poskytuje mo\u017enosti na vyu\u017eitie blejzrov a s\u00e1k namiesto pl\u00e1\u0161\u0165ov.In\u0161pir\u00e1ciou s\u00fa 90-te roky  Sak\u00e1 a blejzre sa v d\u00e1mskej m\u00f3de u\u017e udom\u00e1cnili, tentokr\u00e1t by sme mali siahnu\u0165 to t\u00fdch, ktor\u00e9 s\u00fa v \u0161t\u00fdle 90-tych rokov, preto\u017ee moment\u00e1lne patria k top k\u00faskom d\u00e1mskeho jesenn\u00e9ho \u0161atn\u00edka. Oble\u010dte si ho namiesto klasick\u00e9ho pl\u00e1\u0161\u0165a a v\u00e1\u0161 outfit z\u00edska dynamiku a \u0161t\u00fdl. Okrem toho s\u00fa t\u00fato sez\u00f3nu na vrchole m\u00f3dnosti opasky, ktor\u00fdmi si m\u00f4\u017eete op\u00e1sa\u0165 hrub\u00e9 svetre, blejzre \u010di sak\u00e1 a z\u00edskate tak \u017eensk\u00fd look. V\u00fdber tohto k\u00faska oble\u010denia treba podriadi\u0165 postave a \u0161t\u00fdlu, ktor\u00fd nos\u00edte a v ktorom sa c\u00edtite dobre. No napriek tomu prihliadnite aj na strihy a m\u00f3dne verzie, ktor\u00e9 moment\u00e1lne ud\u00e1vaj\u00fa trend.Medzi hlavn\u00e9 znaky patria: hrub\u0161\u00ed a teplej\u0161\u00ed materi\u00e1l strihy s\u00fa vo\u013enej\u0161ie z l\u00e1tok je to tv\u00edd, men\u010dester, vlna a jej zmesi zap\u00ednanie jedno a dvojradov\u00e9, novinkou je viaza\u010dka najm\u00f3dnej\u0161ie s\u00fa klasick\u00e9 elegantn\u00e9 strihy  Rokmi overen\u00e1 je kombin\u00e1cia \u017eensk\u00fdch prvkov a p\u00e1nskeho \u0161t\u00fdlu. Napr\u00edklad ak si oble\u010diete \u0161aty a dopln\u00edte ich sakom v p\u00e1nskom \u0161t\u00fdle, budete sebaist\u00e9 a maxim\u00e1lne sexi. A \u010dere\u0161ni\u010dkou na torte bude, ak si ho prep\u00e1\u0161ete opaskom, dod\u00e1 v\u00e1m to e\u0161te viac \u017eenskosti. Spomen\u00fa\u0165 by sme mali aj vzory a farebnos\u0165, ktor\u00e1 bude t\u00fdmto k\u00faskom tento rok vl\u00e1dnu\u0165.Z\u00e1sahom do \u010dierneho bude, ak si zaobstar\u00e1te sako alebo blejzer v t\u00fdchto vzoroch a farb\u00e1ch: jesennej m\u00f3de kra\u013euj\u00fa tepl\u00e9 zemit\u00e9 farby, medzi ktor\u00e9 patr\u00ed: bordov\u00e1, okrov\u00e1, siv\u00e1, hned\u00e1, tmav\u00e1 \u010derven\u00e1 a odtiene zelenej zo vzorov s\u00fa in: koh\u00fatia stopa, k\u00e1ro a kockovan\u00fd vzor mimoriadne \u0161t\u00fdlovo p\u00f4sob\u00ed kombin\u00e1cia t\u00fdchto n\u00e1padnej\u0161\u00edch vzorov s jemn\u00fdmi materi\u00e1lmi Novinkou je sako bez ruk\u00e1vov, \u010do je v podstate vesta pred\u013a\u017een\u00e9ho strihu, s pod\u0161it\u00edm, strihom prisp\u00f4soben\u00e1 telu a mo\u017enos\u0165ou previazania viaza\u010dkou. Pod \u0148u si oble\u010dte pul\u00f3ver, rol\u00e1k alebo pleten\u00e9 \u0161aty a m\u00f4\u017eete vyrazi\u0165 do jesenn\u00fdch ul\u00edc.                                                                                                                                                                                                                                                                                                                                                                                        3.5\/5 - (4 votes)        "},{"@context":"https:\/\/schema.org\/","@type":"BreadcrumbList","itemListElement":[{"@type":"ListItem","position":1,"name":"Vyme\u0148te pl\u00e1\u0161\u0165 za sako, zahreje v\u00e1s rovnako a navy\u0161e budete \u0161t\u00fdlov\u00e1","item":"https:\/\/www.gartier.sk\/vymente-plast-za-sako-zahreje-vas-rovnako-a-navyse-budete-stylova\/#breadcrumbitem"}]}]