{"@context":"https:\/\/schema.org\/","@type":"CollectionPage","@id":"https:\/\/www.gartier.sk\/produkty\/#CollectionPage","headline":"Produkty Category","description":"","url":"https:\/\/www.gartier.sk\/produkty\/","hasPart":[{"@type":"Article","@id":"https:\/\/www.gartier.sk\/ako-vyuzit-black-friday-na-osviezenie-zimnych-outfitov\/","headline":"Ako vyu\u017ei\u0165 Black Friday na osvie\u017eenie zimn\u00fdch outfitov?","url":"https:\/\/www.gartier.sk\/ako-vyuzit-black-friday-na-osviezenie-zimnych-outfitov\/","datePublished":"2025-11-20","dateModified":"2025-11-20","mainEntityOfPage":"https:\/\/www.gartier.sk\/ako-vyuzit-black-friday-na-osviezenie-zimnych-outfitov\/","author":{"@type":"Person","@id":"https:\/\/www.gartier.sk\/author\/#Person","name":"","url":"https:\/\/www.gartier.sk\/author\/","identifier":1,"image":{"@type":"ImageObject","@id":"https:\/\/secure.gravatar.com\/avatar\/cfe4dae5aaf43720425415780408681beb9b9a829e9a657295ed1cacce5febc2?s=96&d=mm&r=g","url":"https:\/\/secure.gravatar.com\/avatar\/cfe4dae5aaf43720425415780408681beb9b9a829e9a657295ed1cacce5febc2?s=96&d=mm&r=g","height":96,"width":96}},"publisher":{"@type":"Organization","name":"gartier.sk","logo":{"@type":"ImageObject","@id":"\/logo.png","url":"\/logo.png","width":600,"height":60}},"image":{"@type":"ImageObject","@id":"https:\/\/www.gartier.sk\/wp-content\/uploads\/medicineblackfridaylistopad202539_HeX7zR.png","url":"https:\/\/www.gartier.sk\/wp-content\/uploads\/medicineblackfridaylistopad202539_HeX7zR.png","height":0,"width":0},"keywords":null},{"@type":"Article","@id":"https:\/\/www.gartier.sk\/ocne-linky-klucovy-prvok-pre-vyrazny-pohlad\/","headline":"O\u010dn\u00e9 linky: K\u013e\u00fa\u010dov\u00fd prvok pre v\u00fdrazn\u00fd poh\u013ead","url":"https:\/\/www.gartier.sk\/ocne-linky-klucovy-prvok-pre-vyrazny-pohlad\/","datePublished":"2025-01-25","dateModified":"2025-01-25","mainEntityOfPage":"https:\/\/www.gartier.sk\/ocne-linky-klucovy-prvok-pre-vyrazny-pohlad\/","author":{"@type":"Person","@id":"https:\/\/www.gartier.sk\/author\/#Person","name":"","url":"https:\/\/www.gartier.sk\/author\/","identifier":1,"image":{"@type":"ImageObject","@id":"https:\/\/secure.gravatar.com\/avatar\/cfe4dae5aaf43720425415780408681beb9b9a829e9a657295ed1cacce5febc2?s=96&d=mm&r=g","url":"https:\/\/secure.gravatar.com\/avatar\/cfe4dae5aaf43720425415780408681beb9b9a829e9a657295ed1cacce5febc2?s=96&d=mm&r=g","height":96,"width":96}},"publisher":{"@type":"Organization","name":"gartier.sk","logo":{"@type":"ImageObject","@id":"\/logo.png","url":"\/logo.png","width":600,"height":60}},"image":{"@type":"ImageObject","@id":"https:\/\/www.gartier.sk\/wp-content\/uploads\/ocni_linky_IdZ1Ry.png","url":"https:\/\/www.gartier.sk\/wp-content\/uploads\/ocni_linky_IdZ1Ry.png","height":0,"width":0},"keywords":null},{"@type":"Article","@id":"https:\/\/www.gartier.sk\/pranie-v-lete-ako-udrzat-bielizen-sviezu-a-vonavu\/","headline":"Pranie v lete: Ako udr\u017ea\u0165 bielize\u0148 svie\u017eu a vo\u0148av\u00fa","url":"https:\/\/www.gartier.sk\/pranie-v-lete-ako-udrzat-bielizen-sviezu-a-vonavu\/","datePublished":"2024-07-14","dateModified":"2024-07-14","mainEntityOfPage":"https:\/\/www.gartier.sk\/pranie-v-lete-ako-udrzat-bielizen-sviezu-a-vonavu\/","author":{"@type":"Person","@id":"https:\/\/www.gartier.sk\/author\/#Person","name":"","url":"https:\/\/www.gartier.sk\/author\/","identifier":1,"image":{"@type":"ImageObject","@id":"https:\/\/secure.gravatar.com\/avatar\/cfe4dae5aaf43720425415780408681beb9b9a829e9a657295ed1cacce5febc2?s=96&d=mm&r=g","url":"https:\/\/secure.gravatar.com\/avatar\/cfe4dae5aaf43720425415780408681beb9b9a829e9a657295ed1cacce5febc2?s=96&d=mm&r=g","height":96,"width":96}},"publisher":{"@type":"Organization","name":"gartier.sk","logo":{"@type":"ImageObject","@id":"\/logo.png","url":"\/logo.png","width":600,"height":60}},"image":{"@type":"ImageObject","@id":"https:\/\/www.gartier.sk\/wp-content\/uploads\/vune_na_prani_UoNWZv.jpg","url":"https:\/\/www.gartier.sk\/wp-content\/uploads\/vune_na_prani_UoNWZv.jpg","height":0,"width":0},"keywords":null},{"@type":"Article","@id":"https:\/\/www.gartier.sk\/ako-si-vybrat-medzi-mobilnou-a-vstavanou-klimatizaciou\/","headline":"Ako si vybra\u0165 medzi mobilnou a vstavanou klimatiz\u00e1ciou?","url":"https:\/\/www.gartier.sk\/ako-si-vybrat-medzi-mobilnou-a-vstavanou-klimatizaciou\/","datePublished":"2024-06-27","dateModified":"2024-06-27","mainEntityOfPage":"https:\/\/www.gartier.sk\/ako-si-vybrat-medzi-mobilnou-a-vstavanou-klimatizaciou\/","author":{"@type":"Person","@id":"https:\/\/www.gartier.sk\/author\/#Person","name":"","url":"https:\/\/www.gartier.sk\/author\/","identifier":1,"image":{"@type":"ImageObject","@id":"https:\/\/secure.gravatar.com\/avatar\/cfe4dae5aaf43720425415780408681beb9b9a829e9a657295ed1cacce5febc2?s=96&d=mm&r=g","url":"https:\/\/secure.gravatar.com\/avatar\/cfe4dae5aaf43720425415780408681beb9b9a829e9a657295ed1cacce5febc2?s=96&d=mm&r=g","height":96,"width":96}},"publisher":{"@type":"Organization","name":"gartier.sk","logo":{"@type":"ImageObject","@id":"\/logo.png","url":"\/logo.png","width":600,"height":60}},"image":{"@type":"ImageObject","@id":"https:\/\/www.gartier.sk\/wp-content\/uploads\/klimatizace_sLopg7.jpg","url":"https:\/\/www.gartier.sk\/wp-content\/uploads\/klimatizace_sLopg7.jpg","height":0,"width":0},"keywords":null},{"@type":"Article","@id":"https:\/\/www.gartier.sk\/rozbor-zlozenia-a-vyznamu-luxusnych-francuzskych-parfumov-na-priklade-lady-million-od-paco-rabanne\/","headline":"Rozbor zlo\u017eenia a v\u00fdznamu luxusn\u00fdch franc\u00fazskych parfumov na pr\u00edklade Lady Million od Paco Rabanne","url":"https:\/\/www.gartier.sk\/rozbor-zlozenia-a-vyznamu-luxusnych-francuzskych-parfumov-na-priklade-lady-million-od-paco-rabanne\/","datePublished":"2024-05-05","dateModified":"2024-05-05","mainEntityOfPage":"https:\/\/www.gartier.sk\/rozbor-zlozenia-a-vyznamu-luxusnych-francuzskych-parfumov-na-priklade-lady-million-od-paco-rabanne\/","author":{"@type":"Person","@id":"https:\/\/www.gartier.sk\/author\/#Person","name":"","url":"https:\/\/www.gartier.sk\/author\/","identifier":1,"image":{"@type":"ImageObject","@id":"https:\/\/secure.gravatar.com\/avatar\/cfe4dae5aaf43720425415780408681beb9b9a829e9a657295ed1cacce5febc2?s=96&d=mm&r=g","url":"https:\/\/secure.gravatar.com\/avatar\/cfe4dae5aaf43720425415780408681beb9b9a829e9a657295ed1cacce5febc2?s=96&d=mm&r=g","height":96,"width":96}},"publisher":{"@type":"Organization","name":"gartier.sk","logo":{"@type":"ImageObject","@id":"\/logo.png","url":"\/logo.png","width":600,"height":60}},"image":{"@type":"ImageObject","@id":"https:\/\/www.gartier.sk\/wp-content\/uploads\/parfemy_oriEQ0.jpg","url":"https:\/\/www.gartier.sk\/wp-content\/uploads\/parfemy_oriEQ0.jpg","height":0,"width":0},"keywords":null},{"@type":"Article","@id":"https:\/\/www.gartier.sk\/vyrobca-banketovych-stoliciek-ktoru-spolocnost-sa-oplati-vybrat\/","headline":"V\u00fdrobca banketov\u00fdch stoli\u010diek &#8211; ktor\u00fa spolo\u010dnos\u0165 sa oplat\u00ed vybra\u0165?","url":"https:\/\/www.gartier.sk\/vyrobca-banketovych-stoliciek-ktoru-spolocnost-sa-oplati-vybrat\/","datePublished":"2023-08-23","dateModified":"2023-08-23","mainEntityOfPage":"https:\/\/www.gartier.sk\/vyrobca-banketovych-stoliciek-ktoru-spolocnost-sa-oplati-vybrat\/","author":{"@type":"Person","@id":"https:\/\/www.gartier.sk\/author\/#Person","name":"","url":"https:\/\/www.gartier.sk\/author\/","identifier":1,"image":{"@type":"ImageObject","@id":"https:\/\/secure.gravatar.com\/avatar\/cfe4dae5aaf43720425415780408681beb9b9a829e9a657295ed1cacce5febc2?s=96&d=mm&r=g","url":"https:\/\/secure.gravatar.com\/avatar\/cfe4dae5aaf43720425415780408681beb9b9a829e9a657295ed1cacce5febc2?s=96&d=mm&r=g","height":96,"width":96}},"publisher":{"@type":"Organization","name":"gartier.sk","logo":{"@type":"ImageObject","@id":"\/logo.png","url":"\/logo.png","width":600,"height":60}},"image":{"@type":"ImageObject","@id":"https:\/\/www.gartier.sk\/wp-content\/uploads\/banketove_stolicky_pSZDrd.jpg","url":"https:\/\/www.gartier.sk\/wp-content\/uploads\/banketove_stolicky_pSZDrd.jpg","height":0,"width":0},"keywords":null},{"@type":"Article","@id":"https:\/\/www.gartier.sk\/ucinna-pomoc-pri-pestovani-uzitkovych-a-okrasnych-rastlin\/","headline":"\u00da\u010dinn\u00e1 pomoc pri pestovan\u00ed \u00fa\u017eitkov\u00fdch a okrasn\u00fdch rastl\u00edn","url":"https:\/\/www.gartier.sk\/ucinna-pomoc-pri-pestovani-uzitkovych-a-okrasnych-rastlin\/","datePublished":"2023-07-20","dateModified":"2023-07-20","mainEntityOfPage":"https:\/\/www.gartier.sk\/ucinna-pomoc-pri-pestovani-uzitkovych-a-okrasnych-rastlin\/","author":{"@type":"Person","@id":"https:\/\/www.gartier.sk\/author\/#Person","name":"","url":"https:\/\/www.gartier.sk\/author\/","identifier":1,"image":{"@type":"ImageObject","@id":"https:\/\/secure.gravatar.com\/avatar\/cfe4dae5aaf43720425415780408681beb9b9a829e9a657295ed1cacce5febc2?s=96&d=mm&r=g","url":"https:\/\/secure.gravatar.com\/avatar\/cfe4dae5aaf43720425415780408681beb9b9a829e9a657295ed1cacce5febc2?s=96&d=mm&r=g","height":96,"width":96}},"publisher":{"@type":"Organization","name":"gartier.sk","logo":{"@type":"ImageObject","@id":"\/logo.png","url":"\/logo.png","width":600,"height":60}},"image":{"@type":"ImageObject","@id":"https:\/\/www.gartier.sk\/wp-content\/uploads\/rostliny_yA8abd.jpg","url":"https:\/\/www.gartier.sk\/wp-content\/uploads\/rostliny_yA8abd.jpg","height":0,"width":0},"keywords":null},{"@type":"Article","@id":"https:\/\/www.gartier.sk\/prakticky-pomocnik-pre-domacnost-a-remeselnikov\/","headline":"Praktick\u00fd pomocn\u00edk pre dom\u00e1cnos\u0165 a remeseln\u00edkov","url":"https:\/\/www.gartier.sk\/prakticky-pomocnik-pre-domacnost-a-remeselnikov\/","datePublished":"2023-07-15","dateModified":"2023-07-15","mainEntityOfPage":"https:\/\/www.gartier.sk\/prakticky-pomocnik-pre-domacnost-a-remeselnikov\/","author":{"@type":"Person","@id":"https:\/\/www.gartier.sk\/author\/#Person","name":"","url":"https:\/\/www.gartier.sk\/author\/","identifier":1,"image":{"@type":"ImageObject","@id":"https:\/\/secure.gravatar.com\/avatar\/cfe4dae5aaf43720425415780408681beb9b9a829e9a657295ed1cacce5febc2?s=96&d=mm&r=g","url":"https:\/\/secure.gravatar.com\/avatar\/cfe4dae5aaf43720425415780408681beb9b9a829e9a657295ed1cacce5febc2?s=96&d=mm&r=g","height":96,"width":96}},"publisher":{"@type":"Organization","name":"gartier.sk","logo":{"@type":"ImageObject","@id":"\/logo.png","url":"\/logo.png","width":600,"height":60}},"image":{"@type":"ImageObject","@id":"https:\/\/www.gartier.sk\/wp-content\/uploads\/naradi_hFj4no.jpg","url":"https:\/\/www.gartier.sk\/wp-content\/uploads\/naradi_hFj4no.jpg","height":0,"width":0},"keywords":null},{"@type":"Article","@id":"https:\/\/www.gartier.sk\/fiat-500e-nechava-konkurenciu-daleko-za-sebou\/","headline":"Fiat 500e nech\u00e1va konkurenciu \u010faleko za sebou","url":"https:\/\/www.gartier.sk\/fiat-500e-nechava-konkurenciu-daleko-za-sebou\/","datePublished":"2023-07-08","dateModified":"2023-07-08","mainEntityOfPage":"https:\/\/www.gartier.sk\/fiat-500e-nechava-konkurenciu-daleko-za-sebou\/","author":{"@type":"Person","@id":"https:\/\/www.gartier.sk\/author\/#Person","name":"","url":"https:\/\/www.gartier.sk\/author\/","identifier":1,"image":{"@type":"ImageObject","@id":"https:\/\/secure.gravatar.com\/avatar\/cfe4dae5aaf43720425415780408681beb9b9a829e9a657295ed1cacce5febc2?s=96&d=mm&r=g","url":"https:\/\/secure.gravatar.com\/avatar\/cfe4dae5aaf43720425415780408681beb9b9a829e9a657295ed1cacce5febc2?s=96&d=mm&r=g","height":96,"width":96}},"publisher":{"@type":"Organization","name":"gartier.sk","logo":{"@type":"ImageObject","@id":"\/logo.png","url":"\/logo.png","width":600,"height":60}},"image":{"@type":"ImageObject","@id":"https:\/\/www.gartier.sk\/wp-content\/uploads\/fiat_jxoykS.jpg","url":"https:\/\/www.gartier.sk\/wp-content\/uploads\/fiat_jxoykS.jpg","height":0,"width":0},"keywords":null},{"@type":"Article","@id":"https:\/\/www.gartier.sk\/konopne-cbd-kremy\/","headline":"Konopn\u00e9 CBD kr\u00e9my","url":"https:\/\/www.gartier.sk\/konopne-cbd-kremy\/","datePublished":"2023-02-23","dateModified":"2023-02-23","mainEntityOfPage":"https:\/\/www.gartier.sk\/konopne-cbd-kremy\/","author":{"@type":"Person","@id":"https:\/\/www.gartier.sk\/author\/#Person","name":"","url":"https:\/\/www.gartier.sk\/author\/","identifier":1,"image":{"@type":"ImageObject","@id":"https:\/\/secure.gravatar.com\/avatar\/cfe4dae5aaf43720425415780408681beb9b9a829e9a657295ed1cacce5febc2?s=96&d=mm&r=g","url":"https:\/\/secure.gravatar.com\/avatar\/cfe4dae5aaf43720425415780408681beb9b9a829e9a657295ed1cacce5febc2?s=96&d=mm&r=g","height":96,"width":96}},"publisher":{"@type":"Organization","name":"gartier.sk","logo":{"@type":"ImageObject","@id":"\/logo.png","url":"\/logo.png","width":600,"height":60}},"image":{"@type":"ImageObject","@id":"https:\/\/www.gartier.sk\/wp-content\/uploads\/cbd-oil-g8b01e6638_1920_1.jpg","url":"https:\/\/www.gartier.sk\/wp-content\/uploads\/cbd-oil-g8b01e6638_1920_1.jpg","height":0,"width":0},"keywords":null}]}