[{"@context":"https:\/\/schema.org\/","@type":"Article","@id":"https:\/\/www.gartier.sk\/kultura-zivota-a-smrti-polarizuje-uz-aj-ziakov-na-zakladnych-skolach\/#Article","mainEntityOfPage":"https:\/\/www.gartier.sk\/kultura-zivota-a-smrti-polarizuje-uz-aj-ziakov-na-zakladnych-skolach\/","headline":"Kult\u00fara \u201e\u017eivota a smrti\u201c polarizuje u\u017e aj \u017eiakov na z\u00e1kladn\u00fdch \u0161kol\u00e1ch","name":"Kult\u00fara \u201e\u017eivota a smrti\u201c polarizuje u\u017e aj \u017eiakov na z\u00e1kladn\u00fdch \u0161kol\u00e1ch","description":"Rodi\u010dia det\u00ed, ktor\u00e9 nav\u0161tevuj\u00fa z\u00e1kladn\u00fa \u0161kolu druh\u00e9ho stup\u0148a, sa ur\u010dite stretli s pracovn\u00fdm zo\u0161itom katol\u00edckeho n\u00e1bo\u017eenstva pre \u017eiakov 8.tried, v ktorej je uverejnen\u00e1 tabu\u013eka s textom: Kult\u00fara \u017eivota a kult\u00fara smrti. Na internete v\u0161ak pob\u00farila mnoho \u013eud\u00ed.Dvojfarebn\u00e1 spolo\u010dnos\u0165 Pracovn\u00fd zo\u0161it obsahuje inform\u00e1cie, \u017ee kult\u00fara smrti, ktor\u00e1 je opakom kult\u00fary \u017eivota, sa \u0161\u00edri napr\u00edklad umel\u00fdm oplodnen\u00edm, potratmi, antikoncepciou, eutan\u00e1ziou alebo rodovou [&hellip;]","datePublished":"2020-01-04","dateModified":"2020-01-04","author":{"@type":"Person","@id":"https:\/\/www.gartier.sk\/author\/#Person","name":"","url":"https:\/\/www.gartier.sk\/author\/","identifier":1,"image":{"@type":"ImageObject","@id":"https:\/\/secure.gravatar.com\/avatar\/cfe4dae5aaf43720425415780408681beb9b9a829e9a657295ed1cacce5febc2?s=96&d=mm&r=g","url":"https:\/\/secure.gravatar.com\/avatar\/cfe4dae5aaf43720425415780408681beb9b9a829e9a657295ed1cacce5febc2?s=96&d=mm&r=g","height":96,"width":96}},"publisher":{"@type":"Organization","name":"gartier.sk","logo":{"@type":"ImageObject","@id":"\/logo.png","url":"\/logo.png","width":600,"height":60}},"image":{"@type":"ImageObject","@id":"https:\/\/www.gartier.sk\/wp-content\/uploads\/img_a309762_w16808_t1580226318.jpg","url":"https:\/\/www.gartier.sk\/wp-content\/uploads\/img_a309762_w16808_t1580226318.jpg","height":0,"width":0},"url":"https:\/\/www.gartier.sk\/kultura-zivota-a-smrti-polarizuje-uz-aj-ziakov-na-zakladnych-skolach\/","about":["Kult\u00fara"],"wordCount":448,"articleBody":"Rodi\u010dia det\u00ed, ktor\u00e9 nav\u0161tevuj\u00fa z\u00e1kladn\u00fa \u0161kolu druh\u00e9ho stup\u0148a, sa ur\u010dite stretli s pracovn\u00fdm zo\u0161itom katol\u00edckeho n\u00e1bo\u017eenstva pre \u017eiakov 8.tried, v ktorej je uverejnen\u00e1 tabu\u013eka s textom: Kult\u00fara \u017eivota a kult\u00fara smrti. Na internete v\u0161ak pob\u00farila mnoho \u013eud\u00ed.Dvojfarebn\u00e1 spolo\u010dnos\u0165 Pracovn\u00fd zo\u0161it obsahuje inform\u00e1cie, \u017ee kult\u00fara smrti, ktor\u00e1 je opakom kult\u00fary \u017eivota, sa \u0161\u00edri napr\u00edklad umel\u00fdm oplodnen\u00edm, potratmi, antikoncepciou, eutan\u00e1ziou alebo rodovou rovnos\u0165ou a za cie\u013e si ur\u010dila nezdrav\u00fd individualizmus, vlastn\u00fd hmotn\u00fd prospech, konzum \u010di ekonomicky efekt\u00edvny \u017eivot nadraden\u00fd nad skuto\u010dn\u00e9 vz\u0165ahy \u013eud\u00ed. Vyd\u00e1vanie u\u010debn\u00edc hrad\u00ed Ministerstvo \u0161kolstva SR, pri\u010dom Konferencia biskupov Slovenska m\u00f4\u017ee do nich vlo\u017ei\u0165 texty, ktor\u00e9 uzn\u00e1 za vhodn\u00e9. Tieto texty s\u00fa v\u0161ak obzvl\u00e1\u0161\u0165 znepokojuj\u00face a spolo\u010dnos\u0165 je v nich op\u00edsan\u00e1 ako \u010diernobiela s dvoma kateg\u00f3riami: \u017eivota a smrti. Nie je predsa norm\u00e1lne, aby u\u010debnica odsudzovala interrupciu a z\u00e1rove\u0148 aj antikoncepciu, n\u00e1sledkom toho m\u00f4\u017ee by\u0165 nekontrolovan\u00e9 \u0161\u00edrenie pohlavn\u00fdch chor\u00f4b \u010di nechcen\u00e9 tehotenstv\u00e1. Skuto\u010dne chce cirkev mlad\u00fdm \u013eu\u010fom vsugerova\u0165 n\u00e1zor, \u017ee je v poriadku, ak nemaj\u00fa v\u0161etci rovnak\u00e9 pr\u00e1vo slobodne sa rozhodova\u0165 a \u017ee rozdiely pri odme\u0148ovan\u00ed pod\u013ea pohlav\u00ed s\u00fa \u00faplne v poriadku?Z\u00e1kladom cirkvi by mala by\u0165 l\u00e1ska N\u00e1bo\u017eensk\u00e1 v\u00fdchova povinn\u00e1 nie je, ak sa rodi\u010dia rozhodn\u00fa svoje die\u0165a na tento predmet prihl\u00e1si\u0165, ur\u010dite o\u010dak\u00e1vaj\u00fa celkom in\u00fd pr\u00edstup. Vzh\u013eadom na to, \u017ee ide o n\u00e1bo\u017eenstvo, tak by sa tam nemalo hovori\u0165 o diskrimin\u00e1cii \u010di rozde\u013eovan\u00ed \u013eud\u00ed s in\u00fdmi n\u00e1zormi a presved\u010den\u00edm. \u010clovek, ktor\u00fd ver\u00ed na rovnak\u00e9 pr\u00e1va mu\u017eov a \u017eien alebo pou\u017e\u00edva antikoncepciu nie je automaticky t\u00fdm \u201ezl\u00fdm\u201c. Tento postoj je ve\u013emi nebezpe\u010dn\u00fd hlavne pre deti vo veku t\u00edned\u017eerov, ktor\u00ed si svoje n\u00e1zory e\u0161te len formuj\u00fa a \u0165a\u017eko odol\u00e1vaj\u00fa n\u00e1tlaku. Katol\u00edcka cirkev by svoje hodnoty mala \u0161\u00edri\u0165 miernym sp\u00f4sobom, aby nevznikali negat\u00edvne em\u00f3cie a tlak, zabudn\u00fa\u0165 by mala na radik\u00e1lny \u0161t\u00fdl v\u00fdu\u010dby, ktor\u00fd by v kone\u010dnom d\u00f4sledku vniesol medzi \u013eud\u00ed nap\u00e4tie, nezn\u00e1\u0161anlivos\u0165 a to v obdob\u00ed, ke\u010f z\u00e1kladom by malo by\u0165 porozumenie, tolerancia a ve\u013ek\u00e1 d\u00e1vka empatie, ktor\u00e9 s\u00fa piliermi l\u00e1sky k bl\u00ed\u017enemu, \u010do predstavuje z\u00e1klad viery. V\u0161etky tieto aspekty sa potom odr\u00e1\u017eaj\u00fa v kult\u00farnom prejave ka\u017ed\u00e9ho z n\u00e1s.                                                                                                                                                                                                                                                                                                                                                                                        4.5\/5 - (8 votes)        "},{"@context":"https:\/\/schema.org\/","@type":"BreadcrumbList","itemListElement":[{"@type":"ListItem","position":1,"name":"Kult\u00fara \u201e\u017eivota a smrti\u201c polarizuje u\u017e aj \u017eiakov na z\u00e1kladn\u00fdch \u0161kol\u00e1ch","item":"https:\/\/www.gartier.sk\/kultura-zivota-a-smrti-polarizuje-uz-aj-ziakov-na-zakladnych-skolach\/#breadcrumbitem"}]}]