[{"@context":"https:\/\/schema.org\/","@type":"Article","@id":"https:\/\/www.gartier.sk\/ako-si-vybrat-medzi-mobilnou-a-vstavanou-klimatizaciou\/#Article","mainEntityOfPage":"https:\/\/www.gartier.sk\/ako-si-vybrat-medzi-mobilnou-a-vstavanou-klimatizaciou\/","headline":"Ako si vybra\u0165 medzi mobilnou a vstavanou klimatiz\u00e1ciou?","name":"Ako si vybra\u0165 medzi mobilnou a vstavanou klimatiz\u00e1ciou?","description":"Hor\u00face letn\u00e9 dni s\u00fa tu a tak ma\u0165 poriadnu a v\u00fdkonn\u00fa klimatiza\u010dn\u00fa jednotku je pre mnoh\u00fdch z n\u00e1s viac ne\u017e d\u00f4le\u017eit\u00e9. Nielen kv\u00f4li komfortu a pr\u00edjemnej\u0161iemu prostrediu, ktor\u00e9 klimatiz\u00e1cia \u0161tandardne v dom\u00e1cnosti vytv\u00e1ra, ale najm\u00e4 kv\u00f4li r\u00f4znym zhor\u0161en\u00fdm zdravotn\u00fdm aspektom, ktor\u00e9 nad\u0161tandardne vysok\u00e9 letn\u00e9 teploty m\u00f4\u017eu sp\u00f4sobi\u0165. Ak teda e\u0161te klimatiz\u00e1ciu doma alebo v kancel\u00e1rii nem\u00e1te, uvid\u00edte, \u017ee zak\u00fapenie a [&hellip;]","datePublished":"2024-06-27","dateModified":"2024-06-27","author":{"@type":"Person","@id":"https:\/\/www.gartier.sk\/author\/#Person","name":"","url":"https:\/\/www.gartier.sk\/author\/","identifier":1,"image":{"@type":"ImageObject","@id":"https:\/\/secure.gravatar.com\/avatar\/cfe4dae5aaf43720425415780408681beb9b9a829e9a657295ed1cacce5febc2?s=96&d=mm&r=g","url":"https:\/\/secure.gravatar.com\/avatar\/cfe4dae5aaf43720425415780408681beb9b9a829e9a657295ed1cacce5febc2?s=96&d=mm&r=g","height":96,"width":96}},"publisher":{"@type":"Organization","name":"gartier.sk","logo":{"@type":"ImageObject","@id":"\/logo.png","url":"\/logo.png","width":600,"height":60}},"image":{"@type":"ImageObject","@id":"https:\/\/www.gartier.sk\/wp-content\/uploads\/klimatizace_sLopg7.jpg","url":"https:\/\/www.gartier.sk\/wp-content\/uploads\/klimatizace_sLopg7.jpg","height":0,"width":0},"url":"https:\/\/www.gartier.sk\/ako-si-vybrat-medzi-mobilnou-a-vstavanou-klimatizaciou\/","about":["Produkty"],"wordCount":411,"articleBody":"          Hor\u00face letn\u00e9 dni s\u00fa tu a tak ma\u0165 poriadnu a v\u00fdkonn\u00fa klimatiza\u010dn\u00fa jednotku je pre mnoh\u00fdch z n\u00e1s viac ne\u017e d\u00f4le\u017eit\u00e9. Nielen kv\u00f4li komfortu a pr\u00edjemnej\u0161iemu prostrediu, ktor\u00e9 klimatiz\u00e1cia \u0161tandardne v dom\u00e1cnosti vytv\u00e1ra, ale najm\u00e4 kv\u00f4li r\u00f4znym zhor\u0161en\u00fdm zdravotn\u00fdm aspektom, ktor\u00e9 nad\u0161tandardne vysok\u00e9 letn\u00e9 teploty m\u00f4\u017eu sp\u00f4sobi\u0165. Ak teda e\u0161te klimatiz\u00e1ciu doma alebo v kancel\u00e1rii nem\u00e1te, uvid\u00edte, \u017ee zak\u00fapenie a mont\u00e1\u017e kvalitn\u00fdch v\u00fdkonn\u00fdch jednotiek je u\u017e dnes dostupn\u00e9 a jednoduch\u00e9. Sta\u010d\u00ed sa obr\u00e1ti\u0165 na sk\u00fasen\u00fdch v obore. Po\u010fme sa v\u0161ak pozrie\u0165 na z\u00e1kladn\u00fa ot\u00e1zku, ktor\u00fa si treba najprv polo\u017ei\u0165: Mobiln\u00e9 alebo vstavan\u00e9 klimatiz\u00e1cie?  Presved\u010d\u00ed v\u00e1s vy\u0161\u0161\u00ed v\u00fdkon a \u00fa\u010dinnos\u0165   Aj ke\u010f mo\u017enos\u0165 mobilnej klimatiz\u00e1cie l\u00e1ka mnoh\u00fdch a \u010dasto k nej aj prist\u00fapia, to \u010do hr\u00e1 v prospech pevne vstavan\u00fdch klimatiza\u010dn\u00fdch jednotiek je pomerne vy\u0161\u0161\u00ed v\u00fdkon a celkov\u00e1 \u00fa\u010dinnos\u0165. Mobiln\u00e9 klimatiza\u010dn\u00e9 jednotky s\u00fa s\u00edce jednoduch\u0161ie na in\u0161tal\u00e1ciu a pomerne flexibiln\u00e9 pri pres\u00favan\u00ed pod\u013ea potreby, ale relat\u00edvne r\u00fdchle a efekt\u00edvne ochladenie celej miestnosti sprostredkuje pr\u00e1ve pevne vstavan\u00e1 klimatiz\u00e1cia s \u010dasto neporovnate\u013en\u00fdm v\u00fdkonom. Navy\u0161e invest\u00edcie do mont\u00e1\u017ee sa v\u00e1m postupne vr\u00e1tia a po zvy\u0161ok \u017eivotnosti zariadenia si budete m\u00f4c\u0165 u\u017e\u00edva\u0165 kr\u00e1sne a svie\u017eo vychladen\u00fa miestnos\u0165, a to v pomerne kr\u00e1tkom \u010dasovom intervale.  Ni\u017e\u0161ia hlu\u010dnos\u0165 zav\u00e1\u017ei  Napriek ni\u017e\u0161\u00edm po\u010diato\u010dn\u00fdm n\u00e1kladom, ktor\u00e9 s\u00fa v\u00fdhodou pri zak\u00fapen\u00ed mobilnej chladiacej klimatiza\u010dnej jednotky, m\u00f4\u017ee by\u0165 prev\u00e1dzka podobnej jednotky pomerne hlu\u010dnej\u0161ia ne\u017e prev\u00e1dzka vstavanej klimatiz\u00e1cie, kde je extern\u00e1 jednotka umiestnen\u00e1 vonku. Hlu\u010dnos\u0165 prev\u00e1dzky je pritom d\u00f4le\u017eit\u00fdm ukazovate\u013eom, najm\u00e4, ak chcete prev\u00e1dzkova\u0165 klimatiz\u00e1ciu aj v noci. Pri v\u00fdbere vhodn\u00e9ho variantu preto treba bra\u0165 do \u00favahy v\u0161etky detaily a parametre pou\u017e\u00edvania \u2013 v\u00fdkon, \u00fa\u010dinnos\u0165, funkcionalita, n\u00e1klady, jednoduchos\u0165 obsluhy alebo hlu\u010dnos\u0165. Spravidla pri dlhodobej invest\u00edcii v\u00e4\u010d\u0161ina z\u00e1kazn\u00edkov uprednostn\u00ed pohodln\u00fa mont\u00e1\u017e a prev\u00e1dzku vstavanej klimatiz\u00e1cie oproti tej mobilnej. Mobiln\u00e9 rie\u0161enia s\u00fa vhodn\u00e9 napr\u00edklad pri b\u00fdvan\u00ed v pren\u00e1jme alebo ako do\u010dasn\u00e9 rie\u0161enie chladenia priestoru.                                                                                                                                                                                                                                                                                                                                                                                          4.1\/5 - (7 votes)        "},{"@context":"https:\/\/schema.org\/","@type":"BreadcrumbList","itemListElement":[{"@type":"ListItem","position":1,"name":"Ako si vybra\u0165 medzi mobilnou a vstavanou klimatiz\u00e1ciou?","item":"https:\/\/www.gartier.sk\/ako-si-vybrat-medzi-mobilnou-a-vstavanou-klimatizaciou\/#breadcrumbitem"}]}]